{"id":1899,"date":"2023-05-16T08:17:37","date_gmt":"2023-05-16T05:17:37","guid":{"rendered":"http:\/\/www.ddtry.fi\/?p=1899"},"modified":"2023-06-08T19:04:42","modified_gmt":"2023-06-08T16:04:42","slug":"dandie-kesapaivat-2023","status":"publish","type":"post","link":"https:\/\/www.ddtry.fi\/index.php\/2023\/05\/16\/dandie-kesapaivat-2023\/","title":{"rendered":"Dandie-kes\u00e4p\u00e4iv\u00e4t 2023"},"content":{"rendered":"\n<p>Kyll\u00e4, monen vuoden tauon j\u00e4lkeen p\u00e4\u00e4st\u00e4\u00e4n vihdoin taas itse asiaan!<\/p>\n\n\n\n<p><strong>Milloin?<\/strong> &#8211; Pe-su 7.-9.7.2023<\/p>\n\n\n\n<p><strong>Miss\u00e4?<\/strong> &#8211; Willa Rikiina, Kurikka<\/p>\n\n\n\n<p><strong>Mit\u00e4 on ohjelmassa?<\/strong> &#8211; Ohjelma ja aikataulut tarkentuvat viel\u00e4, mutta ainakin seuraavaa on luvassa:<\/p>\n\n\n\n<ul class=\"wp-block-list\">\n<li>Perjantai-iltana rentoa yhdess\u00e4oloa<\/li>\n\n\n\n<li>Lauantaina p\u00e4iv\u00e4n mittaan monenmoista ohjelmaa johon voi osallistua oman kiinnostuksen mukaan\n<ul class=\"wp-block-list\">\n<li>Trimmausklinikka<\/li>\n\n\n\n<li>Luontopolku<\/li>\n\n\n\n<li>Nosework-esittely ja tietenkin mahdollisuus kokeilla my\u00f6s oman koiran kanssa<\/li>\n\n\n\n<li>Mahdollisesti ep\u00e4virallinen jalostustarkastus<\/li>\n\n\n\n<li>Tietenkin arpajaiset!<\/li>\n\n\n\n<li>Dandie Derby<\/li>\n\n\n\n<li>Yhteinen illanvietto <\/li>\n<\/ul>\n<\/li>\n\n\n\n<li>Sunnuntaina <strong>Club Show<\/strong> jossa luokkia kaikille vauvasta vaariin, tuomarina oma emeritamme <strong>Marja Talvitie<\/strong><\/li>\n<\/ul>\n\n\n\n<p><strong>Hinnat:<\/strong><\/p>\n\n\n\n<ul class=\"wp-block-list\">\n<li>Majoittujille (majoitus + ateriat): aikuiset <strong>75 \u20ac\/vrk<\/strong>, lapset alle 13 v. <strong>50 \u20ac<\/strong>, alle 4-v. ilmainen<\/li>\n\n\n\n<li>P\u00e4iv\u00e4k\u00e4vij\u00e4 (vain ateriat): aikuiset <strong>30 \u20ac\/vrk<\/strong>, lapset <strong>15 \u20ac<\/strong><\/li>\n\n\n\n<li>Club Shown ilmoittautumismaksu <strong>10 \u20ac\/koira<\/strong> (kaikki luokat), kasv.luokka ilmainen<\/li>\n<\/ul>\n\n\n\n<p><strong>Tietoa majoituksesta:<\/strong> Willa Rikiinassa on 10 huonetta ja yhteens\u00e4 28 vuodepaikkaa, eli majoitus tapahtuu useamman henkil\u00f6n huoneissa. Omat liinavaatteet mukaan! Koirat tulee pit\u00e4\u00e4 huoneissa joko h\u00e4keiss\u00e4 tai ainakin pit\u00e4\u00e4 pois s\u00e4ngyilt\u00e4. Ilmoittautumislomakkeeseen tulee kohta, jossa voit ilmoittaa toivomasi huonekaverin.<\/p>\n\n\n\n<p><br><strong>Ilmoittautuminen<\/strong> sek\u00e4 itse kes\u00e4p\u00e4iville ett\u00e4 Club Showhun tapahtuu nettilomakkeella, joihin l\u00f6yd\u00e4t linkit alta.<\/p>\n\n\n\n<p><\/p>\n\n\n\n<p><\/p>\n\n\n\n<p><br>Jos mieleen nousee viel\u00e4 kysymyksi\u00e4 joihin t\u00e4st\u00e4 ei l\u00f6ydy vastausta, heit\u00e4 viesti\u00e4 vaikkapa sihteerille (siht@ddtry.fi)!<br>   <br><\/p>\n\n\n\n<div class=\"wp-block-buttons is-layout-flex wp-block-buttons-is-layout-flex\">\n<div class=\"wp-block-button is-style-outline is-style-outline--1\"><a class=\"wp-block-button__link has-black-color has-luminous-vivid-amber-background-color has-text-color has-background wp-element-button\" href=\"https:\/\/forms.gle\/CT1QembsbAQxxHMf6\" style=\"border-radius:50px\" target=\"_blank\" rel=\"noreferrer noopener\">Ilmoittaudu kes\u00e4p\u00e4iville<\/a><\/div>\n<\/div>\n\n\n\n<p><br><strong>Ilmoittautumiset kes\u00e4p\u00e4iville viimeist\u00e4\u00e4n 30.6. <\/strong>Huomaathan, ett\u00e4 my\u00f6s p\u00e4iv\u00e4k\u00e4vij\u00f6iden tulee ilmoittautua, jotta pystymme j\u00e4rjest\u00e4m\u00e4\u00e4n ateriat ja ohjelman osallistujien mukaan!<br><br>        <br>   <\/p>\n\n\n\n<p>  <\/p>\n\n\n\n<div class=\"wp-block-buttons is-layout-flex wp-container-core-buttons-is-layout-6b4e3324 wp-block-buttons-is-layout-flex\">\n<div class=\"wp-block-button is-style-outline is-style-outline--2\"><a class=\"wp-block-button__link has-black-color has-luminous-vivid-amber-background-color has-text-color has-background wp-element-button\" href=\"https:\/\/forms.gle\/dxkEvcNyedG4FWex6\" target=\"_blank\" rel=\"noreferrer noopener\">Ilmoita dandie Club Showhun<\/a><\/div>\n<\/div>\n\n\n\n<p><br><strong>Club Shown ilmoittautumiset viimeist\u00e4\u00e4n keskiviikkona 5.7.<\/strong><\/p>\n","protected":false},"excerpt":{"rendered":"<p>Kyll\u00e4, monen vuoden tauon j\u00e4lkeen p\u00e4\u00e4st\u00e4\u00e4n vihdoin taas itse asiaan! Milloin? &#8211; Pe-su 7.-9.7.2023 Miss\u00e4? &#8211; Willa Rikiina, Kurikka Mit\u00e4 on ohjelmassa? &#8211; Ohjelma ja&hellip;<\/p>\n","protected":false},"author":1,"featured_media":0,"comment_status":"closed","ping_status":"open","sticky":false,"template":"","format":"standard","meta":{"footnotes":""},"categories":[41,40,39],"tags":[],"class_list":["post-1899","post","type-post","status-publish","format-standard","hentry","category-club-show","category-dandiepaivat","category-tapahtumat"],"_links":{"self":[{"href":"https:\/\/www.ddtry.fi\/index.php\/wp-json\/wp\/v2\/posts\/1899","targetHints":{"allow":["GET"]}}],"collection":[{"href":"https:\/\/www.ddtry.fi\/index.php\/wp-json\/wp\/v2\/posts"}],"about":[{"href":"https:\/\/www.ddtry.fi\/index.php\/wp-json\/wp\/v2\/types\/post"}],"author":[{"embeddable":true,"href":"https:\/\/www.ddtry.fi\/index.php\/wp-json\/wp\/v2\/users\/1"}],"replies":[{"embeddable":true,"href":"https:\/\/www.ddtry.fi\/index.php\/wp-json\/wp\/v2\/comments?post=1899"}],"version-history":[{"count":16,"href":"https:\/\/www.ddtry.fi\/index.php\/wp-json\/wp\/v2\/posts\/1899\/revisions"}],"predecessor-version":[{"id":1926,"href":"https:\/\/www.ddtry.fi\/index.php\/wp-json\/wp\/v2\/posts\/1899\/revisions\/1926"}],"wp:attachment":[{"href":"https:\/\/www.ddtry.fi\/index.php\/wp-json\/wp\/v2\/media?parent=1899"}],"wp:term":[{"taxonomy":"category","embeddable":true,"href":"https:\/\/www.ddtry.fi\/index.php\/wp-json\/wp\/v2\/categories?post=1899"},{"taxonomy":"post_tag","embeddable":true,"href":"https:\/\/www.ddtry.fi\/index.php\/wp-json\/wp\/v2\/tags?post=1899"}],"curies":[{"name":"wp","href":"https:\/\/api.w.org\/{rel}","templated":true}]}}